{"id":5121,"date":"2018-05-10T18:33:03","date_gmt":"2018-05-10T18:33:03","guid":{"rendered":"https:\/\/fotoakademija.lv\/?p=5121"},"modified":"2018-05-10T18:33:03","modified_gmt":"2018-05-10T18:33:03","slug":"andris-kluss","status":"publish","type":"post","link":"https:\/\/fotoakademija.lv\/de\/andris-ist-still\/","title":{"rendered":"Andris Klu\u0161"},"content":{"rendered":"<h2><img loading=\"lazy\" decoding=\"async\" class=\"size-full wp-image-5101 alignright\" src=\"https:\/\/fotoakademija.lv\/wp-content\/uploads\/Andris_Kluss.jpg\" alt=\"\" width=\"120\" height=\"180\" \/>Andris Klu\u0161<\/h2>\n<hr \/>\n<p>Andris Klu\u0161s (1969) interessiert sich seit seiner Jugend, der Zeit von Smenas, Zenit, Unibrom und Bromportret, f\u00fcr Fotografie. Studierte bei Frau M\u0101ras Kundzis, die seine Lehrerin genannt wird. Setzt die von Frau M. Kundzi\u0146a begonnene Arbeit fort und f\u00fchrt Schritt f\u00fcr Schritt in die wunderbare Welt der Fotografie ein. Er f\u00fchrt Fotografiekurse sowohl f\u00fcr Anf\u00e4nger als auch f\u00fcr bereits Praktizierende durch, f\u00fcr Zuh\u00f6rer, die ihr Wissen vertiefen m\u00f6chten.<\/p>\n<p>Als aktiver Fotograf findet er immer noch Zeit, sich in den Alltag der Fotoakademie einzubringen, Pleinairs zu leiten und sich an der Organisation verschiedener Seminare und Pr\u00e4sentationen zu beteiligen. Baut eine Zusammenarbeit mit vielen Vertretern von Fotoausr\u00fcstungs- und Zubeh\u00f6rherstellern in Lettland und im Ausland auf, testet und analysiert verschiedene Fotoausr\u00fcstungsprodukte, f\u00fcr die er auch ein spezielles Schulungsprogramm \u201eArgumente und Kriterien f\u00fcr den Kauf von Fotoausr\u00fcstung\u201c erstellt hat.<\/p>\n<p>Eng verbunden ist Andrim auch mit der Nachbearbeitung von Fotografien, wobei er in der Schulung \u201eAdobe Photoshop &amp; Lightroom\u201c die im Rahmen seiner praktischen T\u00e4tigkeit erworbenen F\u00e4higkeiten und Kenntnisse gerne an die Zuh\u00f6rer weitergibt.<\/p>","protected":false},"excerpt":{"rendered":"<p>Andris Klu\u0161s Andris Klu\u0161s (1969) interessiert sich seit seiner Jugend, der Zeit von Smenas, Zenit, Unibrom und Bromportret, f\u00fcr Fotografie. Studierte bei Frau Maras Kundzis, die [...]<\/p>","protected":false},"author":2,"featured_media":0,"comment_status":"open","ping_status":"open","sticky":false,"template":"","format":"standard","meta":{"footnotes":""},"categories":[103],"tags":[],"class_list":["post-5121","post","type-post","status-publish","format-standard","hentry","category-pasniedzeji"],"_links":{"self":[{"href":"https:\/\/fotoakademija.lv\/de\/wp-json\/wp\/v2\/posts\/5121","targetHints":{"allow":["GET"]}}],"collection":[{"href":"https:\/\/fotoakademija.lv\/de\/wp-json\/wp\/v2\/posts"}],"about":[{"href":"https:\/\/fotoakademija.lv\/de\/wp-json\/wp\/v2\/types\/post"}],"author":[{"embeddable":true,"href":"https:\/\/fotoakademija.lv\/de\/wp-json\/wp\/v2\/users\/2"}],"replies":[{"embeddable":true,"href":"https:\/\/fotoakademija.lv\/de\/wp-json\/wp\/v2\/comments?post=5121"}],"version-history":[{"count":0,"href":"https:\/\/fotoakademija.lv\/de\/wp-json\/wp\/v2\/posts\/5121\/revisions"}],"wp:attachment":[{"href":"https:\/\/fotoakademija.lv\/de\/wp-json\/wp\/v2\/media?parent=5121"}],"wp:term":[{"taxonomy":"category","embeddable":true,"href":"https:\/\/fotoakademija.lv\/de\/wp-json\/wp\/v2\/categories?post=5121"},{"taxonomy":"post_tag","embeddable":true,"href":"https:\/\/fotoakademija.lv\/de\/wp-json\/wp\/v2\/tags?post=5121"}],"curies":[{"name":"wp","href":"https:\/\/api.w.org\/{rel}","templated":true}]}}