{"id":5928,"date":"2024-02-07T00:21:08","date_gmt":"2024-02-06T22:21:08","guid":{"rendered":"https:\/\/fotoakademija.lv\/?p=5928"},"modified":"2025-05-18T11:01:30","modified_gmt":"2025-05-18T08:01:30","slug":"video-makslinieci-fotoakademijas-darbinieku-komanda","status":"publish","type":"post","link":"https:\/\/fotoakademija.lv\/fi\/video-makslinieci-valokuvaakatemian-henkilostotiimi\/","title":{"rendered":"Avoinna - videontekij\u00e4 - Photo Academyn henkil\u00f6kuntatiimiss\u00e4"},"content":{"rendered":"<p class=\"has-medium-font-size\">Avoinna aktiiviselle, dynaamiselle henkil\u00f6lle<\/p>\n\n\n\n<p class=\"has-very-light-gray-to-cyan-bluish-gray-gradient-background has-background\"><strong>Ty\u00f6nkuvaus:<\/strong> Etsimme tiimiimme uutta j\u00e4sent\u00e4, joka on valmis uppoutumaan videotaiteeseen ja auttamaan meit\u00e4 luomaan mahtavaa videosis\u00e4lt\u00f6\u00e4. Jos pid\u00e4t kuvaamisesta, autoista ja editoinnista, t\u00e4m\u00e4 ty\u00f6 saattaa olla sinua varten!<\/p>\n\n\n\n<p class=\"has-medium-font-size\">Vaatimukset ehdokkaalle:<\/p>\n\n\n\n<ol class=\"wp-block-list\">\n<li><strong>Kokoonpanoohjelmien minimointi<\/strong>: Sinun tulee ty\u00f6skennell\u00e4 CapCutin, Davinci Resolven, Adobe Premieren ja Adobe Photoshopin kanssa. (Voimme kouluttaa hakijoita!)<\/li>\n\n\n\n<li><strong>Perustiedot kuvaamisesta<\/strong>: Jos tunnet kuvausprosessin, t\u00e4m\u00e4 on iso plussa.<\/li>\n\n\n\n<li><strong>Joukkuepelaaja<\/strong>: Pyrimme luomaan yhteisty\u00f6kykyisen ja luovan ymp\u00e4rist\u00f6n, joten kyky ty\u00f6skennell\u00e4 ryhm\u00e4ss\u00e4 on t\u00e4rke\u00e4\u00e4.<\/li>\n\n\n\n<li><strong>Englanti<\/strong>: El\u00e4mme tietysti globalisoituneessa maailmassa, joten englannin kielen taito on v\u00e4ltt\u00e4m\u00e4t\u00f6nt\u00e4.<\/li>\n\n\n\n<li><strong>Luovuutta ja positiivista asennetta<\/strong>: Arvostamme ihmisi\u00e4, jotka ovat luovia, positiivisia ja valmiita liittym\u00e4\u00e4n intohimoiseen tiimiimme!<\/li>\n<\/ol>\n\n\n\n<p>Jos t\u00e4yt\u00e4t n\u00e4m\u00e4 kriteerit, l\u00e4het\u00e4 kuvasi, ty\u00f6nkuvasi ja jos sinulla on kysytt\u00e4v\u00e4\u00e4, ota rohkeasti yhteytt\u00e4 ja liity mukaan <strong>Valokuva-akatemiat<\/strong> videotaiteilijatiimille! <\/p>\n\n\n\n<p class=\"has-medium-font-size\">Ty\u00f6ymp\u00e4rist\u00f6<\/p>\n\n\n\n<ul class=\"wp-block-list\">\n<li>Ty\u00f6skentele projektin ajan (Projektit voivat olla 1 p\u00e4iv\u00e4 tai 1 viikko)<\/li>\n\n\n\n<li>Tarjoamme auton projektin ajaksi<\/li>\n<\/ul>\n\n\n\n<p>\ud83c\udfa5\ud83c\udf1f<\/p>\n\n\n\n<hr class=\"wp-block-separator has-alpha-channel-opacity\"\/>\n\n\n\n<p>Lai veiksm\u012bgi atrastu jauno talantu, un lai m\u016bsu video saturi turpin\u0101tu iepriecin\u0101t skat\u012bt\u0101jus, gaid\u0101m tavu pieteikumu! Ja ir k\u0101di jaut\u0101jumi, raksti uz e-pastu info(at)fotoakademija.lv<\/p>","protected":false},"excerpt":{"rendered":"<p>Avoin paikka aktiiviselle, dynaamiselle henkil\u00f6lle Ty\u00f6n kuvaus: Etsimme uutta tiimil\u00e4ist\u00e4, joka on valmis uppoutumaan videotaiteeseen ja auttamaan meit\u00e4 luomaan erinomaisen [\u2026]<\/p>","protected":false},"author":1,"featured_media":6035,"comment_status":"closed","ping_status":"","sticky":false,"template":"","format":"standard","meta":{"footnotes":""},"categories":[135],"tags":[],"class_list":["post-5928","post","type-post","status-publish","format-standard","has-post-thumbnail","hentry","category-vakances"],"_links":{"self":[{"href":"https:\/\/fotoakademija.lv\/fi\/wp-json\/wp\/v2\/posts\/5928","targetHints":{"allow":["GET"]}}],"collection":[{"href":"https:\/\/fotoakademija.lv\/fi\/wp-json\/wp\/v2\/posts"}],"about":[{"href":"https:\/\/fotoakademija.lv\/fi\/wp-json\/wp\/v2\/types\/post"}],"author":[{"embeddable":true,"href":"https:\/\/fotoakademija.lv\/fi\/wp-json\/wp\/v2\/users\/1"}],"replies":[{"embeddable":true,"href":"https:\/\/fotoakademija.lv\/fi\/wp-json\/wp\/v2\/comments?post=5928"}],"version-history":[{"count":1,"href":"https:\/\/fotoakademija.lv\/fi\/wp-json\/wp\/v2\/posts\/5928\/revisions"}],"predecessor-version":[{"id":6185,"href":"https:\/\/fotoakademija.lv\/fi\/wp-json\/wp\/v2\/posts\/5928\/revisions\/6185"}],"wp:featuredmedia":[{"embeddable":true,"href":"https:\/\/fotoakademija.lv\/fi\/wp-json\/wp\/v2\/media\/6035"}],"wp:attachment":[{"href":"https:\/\/fotoakademija.lv\/fi\/wp-json\/wp\/v2\/media?parent=5928"}],"wp:term":[{"taxonomy":"category","embeddable":true,"href":"https:\/\/fotoakademija.lv\/fi\/wp-json\/wp\/v2\/categories?post=5928"},{"taxonomy":"post_tag","embeddable":true,"href":"https:\/\/fotoakademija.lv\/fi\/wp-json\/wp\/v2\/tags?post=5928"}],"curies":[{"name":"wp","href":"https:\/\/api.w.org\/{rel}","templated":true}]}}