{"id":5677,"date":"2018-09-25T16:40:34","date_gmt":"2018-09-25T13:40:34","guid":{"rendered":"https:\/\/fotoakademija.lv\/?p=5677"},"modified":"2018-09-25T16:40:34","modified_gmt":"2018-09-25T13:40:34","slug":"fotopleners-riga-10-oktobri-pl-18-30","status":"publish","type":"post","link":"https:\/\/fotoakademija.lv\/lt\/foto-pleneras-ryga-spalio-10-pl-18-30-d\/","title":{"rendered":"Foto pleneras Ryga spalio 10 d., 18.30 val"},"content":{"rendered":"<p>Vienos dienos ekskursija, pamatysime gra\u017eiausias Rygos senamies\u010dio vietas ir mokysim\u0117s kartu su \u012fdomiais fotografais! Foto pleneras susideda i\u0161 dviej\u0173 dali\u0173 \u2013 fotografavimas, nuotrauk\u0173 per\u017ei\u016bra ir vertinimas.<\/p>\n<p><strong>Foto pleneras Ryga spalio 10 d.18.30-20.30 val<\/strong><\/p>\n<p><strong>Dalyvi\u0173 fotografij\u0173 per\u017ei\u016bra ir vertinimas, spalio 16 d., pl.18:30 - 19:30<\/strong><\/p>\n<ul>\n<li>Dalyvavimas pirmoje foto plenero dalyje nemokamas<\/li>\n<li>Dalyvi\u0173 nuotrauk\u0173 per\u017ei\u016bra ir \u012fvertinimas \u2013 10 eur\u0173<\/li>\n<\/ul>\n<p><img loading=\"lazy\" decoding=\"async\" class=\"alignnone size-medium wp-image-4917\" src=\"https:\/\/fotoakademija.lv\/wp-content\/uploads\/Zane_Krumina_DSC_1710_1-300x201.jpg\" alt=\"\" width=\"300\" height=\"201\" srcset=\"https:\/\/fotoakademija.lv\/wp-content\/uploads\/Zane_Krumina_DSC_1710_1-300x201.jpg 300w, https:\/\/fotoakademija.lv\/wp-content\/uploads\/Zane_Krumina_DSC_1710_1-255x171.jpg 255w, https:\/\/fotoakademija.lv\/wp-content\/uploads\/Zane_Krumina_DSC_1710_1-600x401.jpg 600w, https:\/\/fotoakademija.lv\/wp-content\/uploads\/Zane_Krumina_DSC_1710_1.jpg 689w\" sizes=\"auto, (max-width: 300px) 100vw, 300px\" \/><\/p>","protected":false},"excerpt":{"rendered":"<p>Vienos dienos ekskursija, pamatysime gra\u017eiausias Rygos senamies\u010dio vietas ir mokysim\u0117s kartu su \u012fdomiais fotografais! Foto pleneras susideda i\u0161 dviej\u0173 dali\u0173 \u2013 fotografuoti, per\u017ei\u016br\u0117ti nuotraukas [\u2026]<\/p>","protected":false},"author":1,"featured_media":4917,"comment_status":"closed","ping_status":"open","sticky":false,"template":"","format":"standard","meta":{"footnotes":""},"categories":[1],"tags":[],"class_list":["post-5677","post","type-post","status-publish","format-standard","has-post-thumbnail","hentry","category-foto-akademija"],"_links":{"self":[{"href":"https:\/\/fotoakademija.lv\/lt\/wp-json\/wp\/v2\/posts\/5677","targetHints":{"allow":["GET"]}}],"collection":[{"href":"https:\/\/fotoakademija.lv\/lt\/wp-json\/wp\/v2\/posts"}],"about":[{"href":"https:\/\/fotoakademija.lv\/lt\/wp-json\/wp\/v2\/types\/post"}],"author":[{"embeddable":true,"href":"https:\/\/fotoakademija.lv\/lt\/wp-json\/wp\/v2\/users\/1"}],"replies":[{"embeddable":true,"href":"https:\/\/fotoakademija.lv\/lt\/wp-json\/wp\/v2\/comments?post=5677"}],"version-history":[{"count":0,"href":"https:\/\/fotoakademija.lv\/lt\/wp-json\/wp\/v2\/posts\/5677\/revisions"}],"wp:featuredmedia":[{"embeddable":true,"href":"https:\/\/fotoakademija.lv\/lt\/wp-json\/wp\/v2\/media\/4917"}],"wp:attachment":[{"href":"https:\/\/fotoakademija.lv\/lt\/wp-json\/wp\/v2\/media?parent=5677"}],"wp:term":[{"taxonomy":"category","embeddable":true,"href":"https:\/\/fotoakademija.lv\/lt\/wp-json\/wp\/v2\/categories?post=5677"},{"taxonomy":"post_tag","embeddable":true,"href":"https:\/\/fotoakademija.lv\/lt\/wp-json\/wp\/v2\/tags?post=5677"}],"curies":[{"name":"wp","href":"https:\/\/api.w.org\/{rel}","templated":true}]}}